{"id":1049,"date":"2023-05-29T13:21:16","date_gmt":"2023-05-29T11:21:16","guid":{"rendered":"https:\/\/www.camaloon.es\/blog\/?p=1049"},"modified":"2023-08-24T12:06:54","modified_gmt":"2023-08-24T10:06:54","slug":"los-imanes-ideales-para-tu-negocio-como-y-donde-escogerlos","status":"publish","type":"post","link":"https:\/\/www.camaloon.es\/blog\/los-imanes-ideales-para-tu-negocio-como-y-donde-escogerlos","title":{"rendered":"\u00bfCu\u00e1les son los imanes ideales para tu negocio?"},"content":{"rendered":"<p style=\"text-align: left;\">Elegir qu\u00e9 tipo de art\u00edculos promocionales debes escoger entre campa\u00f1as publicitarias no siempre es una tarea f\u00e1cil. Afortunadamente, en Camaloon entendemos estas decisiones y queremos que sean lo m\u00e1s sencillas posibles para que puedas escoger los productos personalizados que mejor se adapten a tus necesidades. Nuestros imanes personalizados son una de las opciones m\u00e1s populares, pero \u00bfQu\u00e9 imanes son los m\u00e1s adecuados para ti?<\/p>\n<p style=\"text-align: left;\"><img width=\"\" height=\"\" \/><img width=\"\" height=\"\" \/><\/p>\n<h2 style=\"text-align: left;\"><strong><span style=\"color: #00bd7e;\"><a style=\"color: #00bd7e;\" target=\"\" rel=\"noopener\">Imanes publicitarios flexibles<\/a><\/span><\/strong><\/h2>\n<p style=\"text-align: left;\">Nuestros imanes publicitarios flexibles tienen diferentes grosores: de 0,4 y 0,75 mm y adem\u00e1s est\u00e1n hechos de PVC (policloruro de vinilo, que es un derivado muy vers\u00e1til del pl\u00e1stico utilizado para muchos usos como para los imanes) y se puede escoger el acabado en mate o brillante. Gracias a su precio, los imanes publicitarios flexibles son una excelente opci\u00f3n, como, por ejemplo, <strong>para grandes camap\u00f1as publicitarias<\/strong> cuyo objetivo es aumentar la visibilidad de tu marca. Adem\u00e1s, estos imanes tambi\u00e9n tienes m\u00faltiples usos, y el uso decorativo es a menudo uno de los m\u00e1s utilizados, sobretodo en acciones cotidianas como sujetar la lista de la compra o una fotograf\u00eda de toda la familia. Sea cual sea la funci\u00f3n de los imanes, lo m\u00e1s importante es que una vez est\u00e9 impreso tu dise\u00f1o en tus imanes, con la impresi\u00f3n UV a todo color, tu im\u00e1n estar\u00e1 con la mejor calidad posible.<\/p>\n<p><a href=\"https:\/\/www.camaloon.es\/imanes-personalizados\" target=\"_blank\" rel=\"noopener\"><img loading=\"lazy\" decoding=\"async\" class=\"aligncenter wp-image-1997 size-full\" src=\"https:\/\/www.camaloon.es\/blog\/wp-content\/uploads\/2023\/05\/mag_flex_04_ro_01-28-b42f5f18c3a05dab341590d75feb23cc-e1687162236698.jpg\" alt=\"\" width=\"968\" height=\"580\" srcset=\"https:\/\/www.camaloon.es\/blog\/wp-content\/uploads\/2023\/05\/mag_flex_04_ro_01-28-b42f5f18c3a05dab341590d75feb23cc-e1687162236698.jpg 968w, https:\/\/www.camaloon.es\/blog\/wp-content\/uploads\/2023\/05\/mag_flex_04_ro_01-28-b42f5f18c3a05dab341590d75feb23cc-e1687162236698-300x180.jpg 300w, https:\/\/www.camaloon.es\/blog\/wp-content\/uploads\/2023\/05\/mag_flex_04_ro_01-28-b42f5f18c3a05dab341590d75feb23cc-e1687162236698-768x460.jpg 768w\" sizes=\"auto, (max-width: 968px) 100vw, 968px\" \/><\/a><\/p>\n<p class=\"\" style=\"text-align: center;\"><a href=\"https:\/\/www.camaloon.es\/imanes-personalizados\" target=\"_blank\" rel=\"noopener\">\u00a1Personaliza tus imanes publicitarios flexibles!<\/a><\/p>\n<p style=\"text-align: left;\"><img width=\"\" height=\"\" \/><img width=\"\" height=\"\" \/><\/p>\n<h2 style=\"text-align: left;\"><strong><span style=\"color: #00bd7e;\"><a style=\"color: #00bd7e;\" target=\"\" rel=\"noopener\">Imanes premium flexibles<\/a><\/span><\/strong><\/h2>\n<p style=\"text-align: left;\">Los imanes premium flexibles de <strong>Camaloon<\/strong> est\u00e1n disponibles en dos formatos, por lo tanto, puedes obtener exactamente la funci\u00f3n que m\u00e1s desees. La primera opci\u00f3n es nuestra variante est\u00e1ndar, fabricada en PVC con acabado brillante y con un grosor de 1 mm. Esta opci\u00f3n es perfecta<strong> para logotipos y texto publicitarios<\/strong> como eslogan. Debido a la calidad de los imanes premium flexibles es ideal escoger estos imanes cuando se quiere asociar a tu marca con caracter\u00edsticas como la calidad y la resistencia. Para estas caracter\u00edsticas se utiliza la impresi\u00f3n UV a todo color, que roc\u00eda color sobre la superficie del im\u00e1n, lo que significa que los puntos m\u00e1s peque\u00f1os son visibles si se observa de cerca. Por esta raz\u00f3n, tenemos esta segunda opci\u00f3n que es m\u00e1s adecuada para la impresi\u00f3n y la personalizaci\u00f3n con fotos.<\/p>\n<p style=\"text-align: left;\"><img width=\"\" height=\"\" \/><img width=\"\" height=\"\" \/><\/p>\n<h2 style=\"text-align: left;\"><span style=\"color: #00bd7e;\"><strong><a style=\"color: #00bd7e;\" target=\"\" rel=\"noopener\">Personaliza tus imanes premium flexibles<\/a><\/strong><\/span><\/h2>\n<p style=\"text-align: left;\">La opci\u00f3n con calidad fotogr\u00e1fica tiene un grosor de 1 mm tambi\u00e9n y con acabado brillante, sin embargo, se imprime mediante impresi\u00f3n digital a todo color y est\u00e1 hecha con Synaps, que es un material de calidad fotogr\u00e1fica que permite que los colores aparezcan m\u00e1s brillantes cuando estos se imprimen. Esta opci\u00f3n es perfecta para <strong>eventos sociales como bodas<\/strong> y la mejor decisi\u00f3n si se necesita un producto de gran calidad.<\/p>\n<p style=\"text-align: left;\"><img width=\"\" height=\"\" \/><img width=\"\" height=\"\" \/><\/p>\n<h2 style=\"text-align: left;\"><span style=\"color: #00bd7e;\"><strong><a style=\"color: #00bd7e;\" target=\"\" rel=\"noopener\">Imanes con chapas cuadradas<\/a><\/strong><\/span><\/h2>\n<p style=\"text-align: left;\">Por \u00faltimo, pero no por ello menos importantes, nuestros imanes con chapas cuadradas personalizados son perfectos para promociones y regalos de empresa, pero tambi\u00e9n son un muy buen recuerdo o un recordatorio de un evento especial. Adem\u00e1s, est\u00e1n disponibles en varias formas y tama\u00f1os, que se adaptar\u00e1n a cualquier necesidad. De otra forma, se puede optar por los acabados cl\u00e1sicos, brillantes o mate, o elegir uno de los acabados <strong>met\u00e1licos, dorados y brillantes en la oscuridad.<\/strong> Los espacios en el dise\u00f1o se muestran en el color de fondo del acabado especial. Recomendamos el uso de colores vivos y saturados para sacar el m\u00e1ximo provecho de tus dise\u00f1os.<\/p>\n<p><a href=\"http:\/\/https:\/\/www.camaloon.es\/imanes-personalizados\" target=\"_blank\" rel=\"noopener\"><img loading=\"lazy\" decoding=\"async\" class=\"aligncenter wp-image-1996 size-full\" src=\"https:\/\/www.camaloon.es\/blog\/wp-content\/uploads\/2023\/05\/Magnet_R_Finish_1000x750.jpg\" alt=\"\" width=\"968\" height=\"726\" srcset=\"https:\/\/www.camaloon.es\/blog\/wp-content\/uploads\/2023\/05\/Magnet_R_Finish_1000x750.jpg 968w, https:\/\/www.camaloon.es\/blog\/wp-content\/uploads\/2023\/05\/Magnet_R_Finish_1000x750-300x225.jpg 300w, https:\/\/www.camaloon.es\/blog\/wp-content\/uploads\/2023\/05\/Magnet_R_Finish_1000x750-768x576.jpg 768w\" sizes=\"auto, (max-width: 968px) 100vw, 968px\" \/><\/a><\/p>\n<p style=\"text-align: left;\"><img width=\"\" height=\"\" \/><img width=\"\" height=\"\" \/><\/p>\n<h2 style=\"text-align: left;\"><strong><span style=\"color: #00bd7e;\"><a style=\"color: #00bd7e;\" target=\"\" rel=\"noopener\">Imanes con chapas cuadradas<\/a><\/span><\/strong><\/h2>\n<p style=\"text-align: left;\">\u00a1Descubre <a href=\"https:\/\/www.camaloon.es\/imanes-personalizados\" target=\"_blank\" rel=\"noopener\">todos nuestros imanes<\/a> y encuentra los m\u00e1s adecuados para ti, independientemente del uso y la utilidad que les vayas a dar!<\/p>\n","protected":false},"excerpt":{"rendered":"<p>Elegir qu\u00e9 tipo de art\u00edculos promocionales debes escoger entre campa\u00f1as publicitarias no siempre es una tarea f\u00e1cil. Afortunadamente, en Camaloon entendemos estas decisiones y queremos que sean lo m\u00e1s sencillas posibles para que puedas escoger los productos personalizados que mejor se adapten a tus necesidades. Nuestros imanes personalizados son una de las opciones m\u00e1s populares, [&hellip;]<\/p>\n","protected":false},"author":5,"featured_media":411,"comment_status":"closed","ping_status":"closed","sticky":false,"template":"","format":"standard","meta":{"footnotes":""},"categories":[40],"tags":[],"class_list":["post-1049","post","type-post","status-publish","format-standard","has-post-thumbnail","hentry","category-productos"],"_links":{"self":[{"href":"https:\/\/www.camaloon.es\/blog\/wp-json\/wp\/v2\/posts\/1049","targetHints":{"allow":["GET"]}}],"collection":[{"href":"https:\/\/www.camaloon.es\/blog\/wp-json\/wp\/v2\/posts"}],"about":[{"href":"https:\/\/www.camaloon.es\/blog\/wp-json\/wp\/v2\/types\/post"}],"author":[{"embeddable":true,"href":"https:\/\/www.camaloon.es\/blog\/wp-json\/wp\/v2\/users\/5"}],"replies":[{"embeddable":true,"href":"https:\/\/www.camaloon.es\/blog\/wp-json\/wp\/v2\/comments?post=1049"}],"version-history":[{"count":8,"href":"https:\/\/www.camaloon.es\/blog\/wp-json\/wp\/v2\/posts\/1049\/revisions"}],"predecessor-version":[{"id":2000,"href":"https:\/\/www.camaloon.es\/blog\/wp-json\/wp\/v2\/posts\/1049\/revisions\/2000"}],"wp:featuredmedia":[{"embeddable":true,"href":"https:\/\/www.camaloon.es\/blog\/wp-json\/wp\/v2\/media\/411"}],"wp:attachment":[{"href":"https:\/\/www.camaloon.es\/blog\/wp-json\/wp\/v2\/media?parent=1049"}],"wp:term":[{"taxonomy":"category","embeddable":true,"href":"https:\/\/www.camaloon.es\/blog\/wp-json\/wp\/v2\/categories?post=1049"},{"taxonomy":"post_tag","embeddable":true,"href":"https:\/\/www.camaloon.es\/blog\/wp-json\/wp\/v2\/tags?post=1049"}],"curies":[{"name":"wp","href":"https:\/\/api.w.org\/{rel}","templated":true}]}}